{"id":1809,"date":"2017-09-15T14:52:19","date_gmt":"2017-09-15T12:52:19","guid":{"rendered":"https:\/\/www.altersis.com\/?p=1809"},"modified":"2017-09-21T14:07:08","modified_gmt":"2017-09-21T12:07:08","slug":"nouveau-membre-de-la-team-sportive-fabien-foret","status":"publish","type":"post","link":"https:\/\/www.altersis.com\/en\/nouveau-membre-de-la-team-sportive-fabien-foret\/","title":{"rendered":"Nouveau membre de la Team sportive : Fabien Foret"},"content":{"rendered":"<p style=\"text-align: center;\"><span style=\"color: #b30000;\"><strong>Comme vous le savez maintenant, le sport et bien \u00eatre repr\u00e9sente notre ADN et nos valeurs !<\/strong><\/span><\/p>\n<p>&nbsp;<\/p>\n<p style=\"text-align: center;\">Ainsi, le Groupe ALTERSIS est fier de vous pr\u00e9senter le nouveau membre de sa\u00a0team sportive (qu\u2019il aborde fi\u00e8rement sur sa casquette\u00a0;)) : <span style=\"color: #1695c0;\"><strong>Fabien Foret\u00a0<\/strong><\/span><\/p>\n<p style=\"text-align: center;\">Pour pr\u00e9senter Fabien en quelques mots \u2026 c\u2019est un pilote de moto fran\u00e7ais qui roule actuellement dans le championnat du monde de Superbike.<\/p>\n<p style=\"text-align: center;\">Fabien a fait l\u2019essentiel de sa carri\u00e8re en championnat du monde Superbike et Supersport dont il a obtenu le titre en 2002 (Team Ten Kate, Honda).<\/p>\n<p style=\"text-align: center;\">Aujourd\u2019hui, et depuis quelques ann\u00e9es maintenant, il fait partie de la Team Kawasaki.<\/p>\n<p style=\"text-align: center;\">En 2015, il a notamment remport\u00e9 le Bol d\u2019Or, et en 2016 les 24H du Mans !<\/p>\n<p style=\"text-align: center;\">On lui souhaite autant de r\u00e9ussite pour cette nouvelle saison, qu\u2019il a d\u00e9marr\u00e9 le week-end dernier sur le circuit du Castellet (83) pour le Bol d\u2019Or 2017\u00a0!<\/p>\n<p>&nbsp;<\/p>\n<p style=\"text-align: center;\">GO Fabien, toute l\u2019\u00e9quipe du Groupe ALTERSIS est avec toi, et Guy Puech le premier \ud83d\ude09<\/p>\n<p style=\"text-align: center;\"><em>(cf. photo ci-dessous)<\/em><\/p>\n<p>&nbsp;<\/p>\n<p style=\"text-align: center;\"><em>Merci pour ces belles photos \u00e0 Pascal (intervenant pour le Groupe \u00e0 Paris dans les \u00e9quipes de Nicolas) qui a couvert le bol d\u2019or\u00a0!<\/em><\/p>\n<p>&nbsp;<\/p>\n<p><img decoding=\"async\" class=\"size-full wp-image-1811 aligncenter\" src=\"https:\/\/www.altersis.com\/wp-content\/uploads\/2017\/09\/guy-fabien.png\" alt=\"\" width=\"1126\" height=\"607\" srcset=\"https:\/\/www.altersis.com\/wp-content\/uploads\/2017\/09\/guy-fabien.png 1126w, https:\/\/www.altersis.com\/wp-content\/uploads\/2017\/09\/guy-fabien-300x162.png 300w, https:\/\/www.altersis.com\/wp-content\/uploads\/2017\/09\/guy-fabien-768x414.png 768w, https:\/\/www.altersis.com\/wp-content\/uploads\/2017\/09\/guy-fabien-1024x552.png 1024w\" sizes=\"(max-width: 1126px) 100vw, 1126px\" \/><\/p>\n<p>&nbsp;<\/p>\n<p>&nbsp;<\/p>\n","protected":false},"excerpt":{"rendered":"<p>Comme vous le savez maintenant, le sport et bien \u00eatre repr\u00e9sente notre ADN et nos valeurs ! &nbsp; Ainsi, le Groupe ALTERSIS est fier de vous pr\u00e9senter le nouveau membre de sa\u00a0team sportive (qu\u2019il aborde fi\u00e8rement sur sa casquette\u00a0;)) : Fabien Foret\u00a0 Pour pr\u00e9senter Fabien en quelques mots \u2026 c\u2019est un pilote de moto fran\u00e7ais [&hellip;]<\/p>\n","protected":false},"author":38,"featured_media":1810,"comment_status":"open","ping_status":"closed","sticky":false,"template":"","format":"image","meta":{"_acf_changed":false,"footnotes":""},"categories":[4],"tags":[248,246,247,245],"class_list":["post-1809","post","type-post","status-publish","format-image","has-post-thumbnail","hentry","category-actualite","tag-fabienforet","tag-moto","tag-superbike","tag-teamaltersissport","post_format-post-format-image"],"acf":[],"_links":{"self":[{"href":"https:\/\/www.altersis.com\/en\/wp-json\/wp\/v2\/posts\/1809","targetHints":{"allow":["GET"]}}],"collection":[{"href":"https:\/\/www.altersis.com\/en\/wp-json\/wp\/v2\/posts"}],"about":[{"href":"https:\/\/www.altersis.com\/en\/wp-json\/wp\/v2\/types\/post"}],"author":[{"embeddable":true,"href":"https:\/\/www.altersis.com\/en\/wp-json\/wp\/v2\/users\/38"}],"replies":[{"embeddable":true,"href":"https:\/\/www.altersis.com\/en\/wp-json\/wp\/v2\/comments?post=1809"}],"version-history":[{"count":3,"href":"https:\/\/www.altersis.com\/en\/wp-json\/wp\/v2\/posts\/1809\/revisions"}],"predecessor-version":[{"id":1816,"href":"https:\/\/www.altersis.com\/en\/wp-json\/wp\/v2\/posts\/1809\/revisions\/1816"}],"wp:featuredmedia":[{"embeddable":true,"href":"https:\/\/www.altersis.com\/en\/wp-json\/wp\/v2\/media\/1810"}],"wp:attachment":[{"href":"https:\/\/www.altersis.com\/en\/wp-json\/wp\/v2\/media?parent=1809"}],"wp:term":[{"taxonomy":"category","embeddable":true,"href":"https:\/\/www.altersis.com\/en\/wp-json\/wp\/v2\/categories?post=1809"},{"taxonomy":"post_tag","embeddable":true,"href":"https:\/\/www.altersis.com\/en\/wp-json\/wp\/v2\/tags?post=1809"}],"curies":[{"name":"wp","href":"https:\/\/api.w.org\/{rel}","templated":true}]}}