{"id":1819,"date":"2017-09-29T10:14:49","date_gmt":"2017-09-29T08:14:49","guid":{"rendered":"https:\/\/www.altersis.com\/?p=1819"},"modified":"2017-09-29T10:14:49","modified_gmt":"2017-09-29T08:14:49","slug":"promotion-de-la-femme-dans-les-metiers-techniques-interview-justine","status":"publish","type":"post","link":"https:\/\/www.altersis.com\/en\/promotion-de-la-femme-dans-les-metiers-techniques-interview-justine\/","title":{"rendered":"Promotion de la femme dans les m\u00e9tiers techniques : Interview Justine"},"content":{"rendered":"<p>Afin de poursuivre notre projet de promotion de la femme dans nos m\u00e9tiers, nous vous invitons \u00e0 d\u00e9couvrir la nouvelle interview de <strong>Justine<\/strong> qui est actuellement<strong> \u00e9tudiante \u00e0 l\u2019\u00e9cole Centrale<\/strong> et qui\u00a0 a accept\u00e9 de nous faire partager son parcours de tant que future ing\u00e9nieure.<\/p>\n<p>&nbsp;<\/p>\n<p>D\u00e9couvrez son point de vue sur le sujet : <a href=\"https:\/\/www.altersis.com\/wp-content\/uploads\/2017\/09\/Promotion-de-la-femme-dans-les-m\u00e9tiers-techniques-Interview-Justine-Groupe-ALTERSIS-2017.pdf\">Promotion de la femme dans les m\u00e9tiers techniques &#8211; Interview Justine &#8211; Groupe ALTERSIS 2017<\/a><\/p>\n<p>&nbsp;<\/p>\n<p>&nbsp;<\/p>\n<p><img decoding=\"async\" class=\"size-full wp-image-1820 aligncenter\" src=\"https:\/\/www.altersis.com\/wp-content\/uploads\/2017\/09\/Interview-Justine.png\" alt=\"\" width=\"595\" height=\"595\" srcset=\"https:\/\/www.altersis.com\/wp-content\/uploads\/2017\/09\/Interview-Justine.png 595w, https:\/\/www.altersis.com\/wp-content\/uploads\/2017\/09\/Interview-Justine-150x150.png 150w, https:\/\/www.altersis.com\/wp-content\/uploads\/2017\/09\/Interview-Justine-300x300.png 300w\" sizes=\"(max-width: 595px) 100vw, 595px\" \/><\/p>\n<p>&nbsp;<\/p>\n<p>&nbsp;<\/p>\n","protected":false},"excerpt":{"rendered":"<p>Afin de poursuivre notre projet de promotion de la femme dans nos m\u00e9tiers, nous vous invitons \u00e0 d\u00e9couvrir la nouvelle interview de Justine qui est actuellement \u00e9tudiante \u00e0 l\u2019\u00e9cole Centrale et qui\u00a0 a accept\u00e9 de nous faire partager son parcours de tant que future ing\u00e9nieure. &nbsp; D\u00e9couvrez son point de vue sur le sujet : [&hellip;]<\/p>\n","protected":false},"author":38,"featured_media":1820,"comment_status":"open","ping_status":"closed","sticky":false,"template":"","format":"standard","meta":{"_acf_changed":false,"footnotes":""},"categories":[244],"tags":[249],"class_list":["post-1819","post","type-post","status-publish","format-standard","has-post-thumbnail","hentry","category-projet-rh","tag-femmeingenieur"],"acf":[],"_links":{"self":[{"href":"https:\/\/www.altersis.com\/en\/wp-json\/wp\/v2\/posts\/1819","targetHints":{"allow":["GET"]}}],"collection":[{"href":"https:\/\/www.altersis.com\/en\/wp-json\/wp\/v2\/posts"}],"about":[{"href":"https:\/\/www.altersis.com\/en\/wp-json\/wp\/v2\/types\/post"}],"author":[{"embeddable":true,"href":"https:\/\/www.altersis.com\/en\/wp-json\/wp\/v2\/users\/38"}],"replies":[{"embeddable":true,"href":"https:\/\/www.altersis.com\/en\/wp-json\/wp\/v2\/comments?post=1819"}],"version-history":[{"count":2,"href":"https:\/\/www.altersis.com\/en\/wp-json\/wp\/v2\/posts\/1819\/revisions"}],"predecessor-version":[{"id":1823,"href":"https:\/\/www.altersis.com\/en\/wp-json\/wp\/v2\/posts\/1819\/revisions\/1823"}],"wp:featuredmedia":[{"embeddable":true,"href":"https:\/\/www.altersis.com\/en\/wp-json\/wp\/v2\/media\/1820"}],"wp:attachment":[{"href":"https:\/\/www.altersis.com\/en\/wp-json\/wp\/v2\/media?parent=1819"}],"wp:term":[{"taxonomy":"category","embeddable":true,"href":"https:\/\/www.altersis.com\/en\/wp-json\/wp\/v2\/categories?post=1819"},{"taxonomy":"post_tag","embeddable":true,"href":"https:\/\/www.altersis.com\/en\/wp-json\/wp\/v2\/tags?post=1819"}],"curies":[{"name":"wp","href":"https:\/\/api.w.org\/{rel}","templated":true}]}}