{"id":2167,"date":"2018-08-09T12:04:42","date_gmt":"2018-08-09T10:04:42","guid":{"rendered":"https:\/\/www.altersis.com\/?p=2167"},"modified":"2018-08-09T12:05:49","modified_gmt":"2018-08-09T10:05:49","slug":"notre-sportive-claire-tetard-aux-championnats-du-monde-rsx","status":"publish","type":"post","link":"https:\/\/www.altersis.com\/en\/notre-sportive-claire-tetard-aux-championnats-du-monde-rsx\/","title":{"rendered":"Notre sportive Claire Tetard aux championnats du monde RSX"},"content":{"rendered":"<p>Depuis dimanche et pour une semaine, Claire Tetard notre sportive v\u00e9liplanchiste, participe aux championnats du monde RSX \u00e0 Aarhus au Danemark. C&#8217;est la premi\u00e8re \u00e9tape des qualifications pour les Jeux Olympiques de 2020 qui se d\u00e9rouleront au Japon.<\/p>\n<p>Cette \u00e9tape compte 80 candidates appartenant \u00e0 32 nations, le drapeau Fran\u00e7ais est repr\u00e9sent\u00e9 par les 5 meilleures fran\u00e7aises dont Claire. Gros point fort pour Claire, elle a eu la bonne id\u00e9e de s\u2019entra\u00eener sur ce plan d&#8217;eau lors d&#8217;un stage du 10 au 20 juillet 2018.<\/p>\n<p>Les conditions de glisse ont \u00e9t\u00e9 physiques depuis le d\u00e9but du championnat, Claire a tout donn\u00e9 pour tenir ses objectifs.<\/p>\n<p>Apr\u00e8s une journ\u00e9e de repos bien m\u00e9rit\u00e9e mercredi, Claire reprend la comp\u00e9tition ce jeudi dans la poule argent et est plac\u00e9e en 8\u00e8me position. Son objectif est de prendre la t\u00eate dans cette poule d\u00e8s la reprise.<\/p>\n<p>Les r\u00e9sultats sont plus qu&#8217;encourageants pour notre championne qui arrive \u00e0 prendre de meilleurs d\u00e9parts et elle a progress\u00e9 techniquement.<\/p>\n<p>Vous pouvez la suivre en direct sur ce lien :\u00a0<a href=\"http:\/\/aarhus2018.sailing.org\">aarhus2018.sailing.org<\/a>\u00a0 \/ Rubrique X Women.<\/p>\n<p>Toute la team Altersis est derri\u00e8re toi, nous sommes \u00e9galement tr\u00e8s fiers de tes r\u00e9sultats et de ton courage. Tu repr\u00e9sentes parfaitement nos valeurs&#8230;<\/p>\n<p>Voici quelques photos de Claire durant ces championnats :<\/p>\n<p><img decoding=\"async\" class=\"wp-image-2168 alignnone\" src=\"https:\/\/www.altersis.com\/wp-content\/uploads\/2018\/08\/IMG_7025.jpg\" alt=\"\" width=\"377\" height=\"374\" srcset=\"https:\/\/www.altersis.com\/wp-content\/uploads\/2018\/08\/IMG_7025.jpg 1242w, https:\/\/www.altersis.com\/wp-content\/uploads\/2018\/08\/IMG_7025-150x150.jpg 150w, https:\/\/www.altersis.com\/wp-content\/uploads\/2018\/08\/IMG_7025-300x298.jpg 300w, https:\/\/www.altersis.com\/wp-content\/uploads\/2018\/08\/IMG_7025-768x762.jpg 768w, https:\/\/www.altersis.com\/wp-content\/uploads\/2018\/08\/IMG_7025-1024x1016.jpg 1024w\" sizes=\"(max-width: 377px) 100vw, 377px\" \/> <img decoding=\"async\" class=\"wp-image-2171 alignnone\" src=\"https:\/\/www.altersis.com\/wp-content\/uploads\/2018\/08\/IMG_7026.jpg\" alt=\"\" width=\"383\" height=\"376\" srcset=\"https:\/\/www.altersis.com\/wp-content\/uploads\/2018\/08\/IMG_7026.jpg 1242w, https:\/\/www.altersis.com\/wp-content\/uploads\/2018\/08\/IMG_7026-300x294.jpg 300w, https:\/\/www.altersis.com\/wp-content\/uploads\/2018\/08\/IMG_7026-768x754.jpg 768w, https:\/\/www.altersis.com\/wp-content\/uploads\/2018\/08\/IMG_7026-1024x1005.jpg 1024w\" sizes=\"(max-width: 383px) 100vw, 383px\" \/> <img decoding=\"async\" class=\"wp-image-2174 alignnone\" src=\"https:\/\/www.altersis.com\/wp-content\/uploads\/2018\/08\/IMG_7027.jpg\" alt=\"\" width=\"422\" height=\"376\" srcset=\"https:\/\/www.altersis.com\/wp-content\/uploads\/2018\/08\/IMG_7027.jpg 1242w, https:\/\/www.altersis.com\/wp-content\/uploads\/2018\/08\/IMG_7027-300x267.jpg 300w, https:\/\/www.altersis.com\/wp-content\/uploads\/2018\/08\/IMG_7027-768x685.jpg 768w, https:\/\/www.altersis.com\/wp-content\/uploads\/2018\/08\/IMG_7027-1024x913.jpg 1024w\" sizes=\"(max-width: 422px) 100vw, 422px\" \/><\/p>\n<p>&nbsp;<\/p>\n","protected":false},"excerpt":{"rendered":"<p>Depuis dimanche et pour une semaine, Claire Tetard notre sportive v\u00e9liplanchiste, participe aux championnats du monde RSX \u00e0 Aarhus au Danemark. C&#8217;est la premi\u00e8re \u00e9tape des qualifications pour les Jeux Olympiques de 2020 qui se d\u00e9rouleront au Japon. Cette \u00e9tape compte 80 candidates appartenant \u00e0 32 nations, le drapeau Fran\u00e7ais est repr\u00e9sent\u00e9 par les 5 [&hellip;]<\/p>\n","protected":false},"author":38,"featured_media":2168,"comment_status":"open","ping_status":"closed","sticky":false,"template":"","format":"standard","meta":{"_acf_changed":false,"footnotes":""},"categories":[4],"tags":[],"class_list":["post-2167","post","type-post","status-publish","format-standard","has-post-thumbnail","hentry","category-actualite"],"acf":[],"_links":{"self":[{"href":"https:\/\/www.altersis.com\/en\/wp-json\/wp\/v2\/posts\/2167","targetHints":{"allow":["GET"]}}],"collection":[{"href":"https:\/\/www.altersis.com\/en\/wp-json\/wp\/v2\/posts"}],"about":[{"href":"https:\/\/www.altersis.com\/en\/wp-json\/wp\/v2\/types\/post"}],"author":[{"embeddable":true,"href":"https:\/\/www.altersis.com\/en\/wp-json\/wp\/v2\/users\/38"}],"replies":[{"embeddable":true,"href":"https:\/\/www.altersis.com\/en\/wp-json\/wp\/v2\/comments?post=2167"}],"version-history":[{"count":3,"href":"https:\/\/www.altersis.com\/en\/wp-json\/wp\/v2\/posts\/2167\/revisions"}],"predecessor-version":[{"id":2180,"href":"https:\/\/www.altersis.com\/en\/wp-json\/wp\/v2\/posts\/2167\/revisions\/2180"}],"wp:featuredmedia":[{"embeddable":true,"href":"https:\/\/www.altersis.com\/en\/wp-json\/wp\/v2\/media\/2168"}],"wp:attachment":[{"href":"https:\/\/www.altersis.com\/en\/wp-json\/wp\/v2\/media?parent=2167"}],"wp:term":[{"taxonomy":"category","embeddable":true,"href":"https:\/\/www.altersis.com\/en\/wp-json\/wp\/v2\/categories?post=2167"},{"taxonomy":"post_tag","embeddable":true,"href":"https:\/\/www.altersis.com\/en\/wp-json\/wp\/v2\/tags?post=2167"}],"curies":[{"name":"wp","href":"https:\/\/api.w.org\/{rel}","templated":true}]}}