{"id":4290,"date":"2022-11-09T21:05:01","date_gmt":"2022-11-09T20:05:01","guid":{"rendered":"https:\/\/www.altersis.com\/?p=4290"},"modified":"2022-11-09T21:05:01","modified_gmt":"2022-11-09T20:05:01","slug":"planet-techcare-nous-avons-rejoint-le-mouvement","status":"publish","type":"post","link":"https:\/\/www.altersis.com\/en\/planet-techcare-nous-avons-rejoint-le-mouvement\/","title":{"rendered":"Planet Tech&#8217;Care &#8211; nous avons rejoint le mouvement!"},"content":{"rendered":"<h3><span style=\"color: #61b550;\"><strong>Planet Tech&#8217;Care &#8211; une meta-initiative \u00e0 forte ambition<\/strong><\/span><\/h3>\n<p><img decoding=\"async\" class=\"wp-image-4291 aligncenter\" src=\"https:\/\/www.altersis.com\/wp-content\/uploads\/2022\/11\/Logo-PlaneteTC-Signataire-couleur.png\" alt=\"\" width=\"228\" height=\"108\" srcset=\"https:\/\/www.altersis.com\/wp-content\/uploads\/2022\/11\/Logo-PlaneteTC-Signataire-couleur.png 667w, https:\/\/www.altersis.com\/wp-content\/uploads\/2022\/11\/Logo-PlaneteTC-Signataire-couleur-300x142.png 300w\" sizes=\"(max-width: 228px) 100vw, 228px\" \/><\/p>\n<p>Planet Tech&#8217;Care est une plateforme qui met en relation des signataires (entreprises de toutes tailles, collectivit\u00e9s locales &amp; acteurs publics) qui ont pour objectif de <span style=\"color: #284ab2;\"><strong>se mobiliser pour un secteur num\u00e9rique innovant et engag\u00e9 pour l&#8217;environnement<\/strong>.<\/span><\/p>\n<p>L&#8217;ambition de ce label est de<strong>\u00a0 : <\/strong><\/p>\n<ul>\n<li><span style=\"color: #284ab2;\"><strong>Cr\u00e9er une dynamique autour d&#8217;acteurs engag\u00e9s pour le num\u00e9rique \u00e9co-responsable<\/strong><\/span><\/li>\n<li>F\u00e9d\u00e9rer les expertises pour <span style=\"color: #284ab2;\"><strong>passer de la r\u00e9flexion \u00e0 l&#8217;action<\/strong><\/span><\/li>\n<li><span style=\"color: #284ab2;\"><strong>Cr\u00e9er des communs en open source et open data<\/strong><\/span><\/li>\n<li><span style=\"color: #284ab2;\"><strong>Se positionner \u00e0 l&#8217;\u00e9chelle europ\u00e9enne<\/strong>.<\/span><\/li>\n<\/ul>\n<h3><span style=\"color: #61b550;\">Une communaut\u00e9 engag\u00e9e !<\/span><\/h3>\n<p>Les membres du label sont des entreprises de toutes tailles et de tous secteurs qui ont un degr\u00e9 de maturit\u00e9 sur la th\u00e9matique Num\u00e9rique et Environnement tr\u00e8s diff\u00e9rents. Une place de choix est r\u00e9serv\u00e9e aux acteurs de la formation et aux \u00e9coles car ils forment les d\u00e9cideurs et acteurs de demain. En septembre 2022, la communaut\u00e9 Planet Tech&#8217;Care rassemble plus de <span style=\"color: #284ab2;\"><strong>650 signataires, 24 ambassadeurs et 25 partenaires<\/strong>.<\/span><\/p>\n<h3><span style=\"color: #61b550;\"><strong>Notre initiative !<\/strong><\/span><\/h3>\n<p>Nous avons d\u00e9cid\u00e9 de rejoindre la communaut\u00e9 du label Planet Tech&#8217;Care car en tant qu&#8217;acteur du num\u00e9rique, nous pensons qu&#8217;il est <span style=\"color: #284ab2;\"><strong>indispensable d&#8217;exercer notre activit\u00e9 de fa\u00e7on innovante<\/strong><\/span> et surtout dans le <span style=\"color: #284ab2;\"><strong>respect de l&#8217;environnement<\/strong><\/span> le plus total. Nous nous sommes donc engag\u00e9s, dans un premier temps \u00e0 mesurer l&#8217;impact environnemental de nos services puis en collaboration avec les \u00e9quipes de Planet Tech&#8217;Care, nous mettrons en \u0153uvre des actions afin de r\u00e9duire notre impact environnemental.<\/p>\n<p>Restez connect\u00e9 pour d\u00e9couvrir ces actions tr\u00e8s rapidement \ud83d\ude09<\/p>\n<p>D\u00e9couvrez Planet Tech&#8217;Care en d\u00e9tail : <a href=\"https:\/\/planet-techcare.green\/\">https:\/\/planet-techcare.green\/<\/a><\/p>\n","protected":false},"excerpt":{"rendered":"<p>Planet Tech&#8217;Care &#8211; une meta-initiative \u00e0 forte ambition Planet Tech&#8217;Care est une plateforme qui met en relation des signataires (entreprises de toutes tailles, collectivit\u00e9s locales &amp; acteurs publics) qui ont pour objectif de se mobiliser pour un secteur num\u00e9rique innovant et engag\u00e9 pour l&#8217;environnement. L&#8217;ambition de ce label est de\u00a0 : Cr\u00e9er une dynamique autour [&hellip;]<\/p>\n","protected":false},"author":38,"featured_media":4291,"comment_status":"open","ping_status":"closed","sticky":false,"template":"","format":"standard","meta":{"_acf_changed":false,"footnotes":""},"categories":[4],"tags":[],"class_list":["post-4290","post","type-post","status-publish","format-standard","has-post-thumbnail","hentry","category-actualite"],"acf":[],"_links":{"self":[{"href":"https:\/\/www.altersis.com\/en\/wp-json\/wp\/v2\/posts\/4290","targetHints":{"allow":["GET"]}}],"collection":[{"href":"https:\/\/www.altersis.com\/en\/wp-json\/wp\/v2\/posts"}],"about":[{"href":"https:\/\/www.altersis.com\/en\/wp-json\/wp\/v2\/types\/post"}],"author":[{"embeddable":true,"href":"https:\/\/www.altersis.com\/en\/wp-json\/wp\/v2\/users\/38"}],"replies":[{"embeddable":true,"href":"https:\/\/www.altersis.com\/en\/wp-json\/wp\/v2\/comments?post=4290"}],"version-history":[{"count":3,"href":"https:\/\/www.altersis.com\/en\/wp-json\/wp\/v2\/posts\/4290\/revisions"}],"predecessor-version":[{"id":4300,"href":"https:\/\/www.altersis.com\/en\/wp-json\/wp\/v2\/posts\/4290\/revisions\/4300"}],"wp:featuredmedia":[{"embeddable":true,"href":"https:\/\/www.altersis.com\/en\/wp-json\/wp\/v2\/media\/4291"}],"wp:attachment":[{"href":"https:\/\/www.altersis.com\/en\/wp-json\/wp\/v2\/media?parent=4290"}],"wp:term":[{"taxonomy":"category","embeddable":true,"href":"https:\/\/www.altersis.com\/en\/wp-json\/wp\/v2\/categories?post=4290"},{"taxonomy":"post_tag","embeddable":true,"href":"https:\/\/www.altersis.com\/en\/wp-json\/wp\/v2\/tags?post=4290"}],"curies":[{"name":"wp","href":"https:\/\/api.w.org\/{rel}","templated":true}]}}