{"id":1837,"date":"2017-10-31T08:04:24","date_gmt":"2017-10-31T07:04:24","guid":{"rendered":"https:\/\/www.altersis.com\/?p=1837"},"modified":"2017-10-31T08:11:48","modified_gmt":"2017-10-31T07:11:48","slug":"promotion-de-la-femme-dans-les-metiers-techniques-interview-adeline","status":"publish","type":"post","link":"https:\/\/www.altersis.com\/fr\/promotion-de-la-femme-dans-les-metiers-techniques-interview-adeline\/","title":{"rendered":"Promotion de la femme dans les m\u00e9tiers techniques : Interview Adeline"},"content":{"rendered":"<p>Afin de poursuivre notre projet de promotion de la femme dans nos m\u00e9tiers, nous vous invitons \u00e0 d\u00e9couvrir le parcours d&rsquo;Adeline.<\/p>\n<p>Adeline est une fid\u00e8le collaboratrice d\u2019ASCOTT qui a accept\u00e9 de nous faire partager son exp\u00e9rience d\u2019infographiste, un m\u00e9tier qui permet d&rsquo;allier nouvelles technologies et cr\u00e9ativit\u00e9\u00a0!<\/p>\n<p>D\u00e9couvrez son point de vue :\u00a0<a href=\"https:\/\/www.altersis.com\/wp-content\/uploads\/2017\/10\/Promotion-de-la-femme-dans-les-m\u00e9tiers-techniques-Interview-Adeline-Groupe-ALTERSIS-2017.pdf\">Promotion de la femme dans les m\u00e9tiers techniques &#8211; Interview Adeline &#8211; Groupe ALTERSIS 2017<\/a><\/p>\n<p>&nbsp;<\/p>\n<p>Un grand merci \u00e0 Adeline de s&rsquo;\u00eatre pr\u00eat\u00e9e au jeu \ud83d\ude42<\/p>\n<p>&nbsp;<\/p>\n<p>&nbsp;<\/p>\n<p><img decoding=\"async\" class=\"size-full wp-image-1838 aligncenter\" src=\"https:\/\/www.altersis.com\/wp-content\/uploads\/2017\/10\/Image-Interview-Adeline.png\" alt=\"\" width=\"595\" height=\"595\" srcset=\"https:\/\/www.altersis.com\/wp-content\/uploads\/2017\/10\/Image-Interview-Adeline.png 595w, https:\/\/www.altersis.com\/wp-content\/uploads\/2017\/10\/Image-Interview-Adeline-150x150.png 150w, https:\/\/www.altersis.com\/wp-content\/uploads\/2017\/10\/Image-Interview-Adeline-300x300.png 300w\" sizes=\"(max-width: 595px) 100vw, 595px\" \/><\/p>\n<p>&nbsp;<\/p>\n","protected":false},"excerpt":{"rendered":"<p>Afin de poursuivre notre projet de promotion de la femme dans nos m\u00e9tiers, nous vous invitons \u00e0 d\u00e9couvrir le parcours d&rsquo;Adeline. Adeline est une fid\u00e8le collaboratrice d\u2019ASCOTT qui a accept\u00e9 de nous faire partager son exp\u00e9rience d\u2019infographiste, un m\u00e9tier qui permet d&rsquo;allier nouvelles technologies et cr\u00e9ativit\u00e9\u00a0! D\u00e9couvrez son point de vue :\u00a0Promotion de la femme [&hellip;]<\/p>\n","protected":false},"author":38,"featured_media":1838,"comment_status":"open","ping_status":"closed","sticky":false,"template":"","format":"standard","meta":{"_acf_changed":false,"footnotes":""},"categories":[244],"tags":[250],"class_list":["post-1837","post","type-post","status-publish","format-standard","has-post-thumbnail","hentry","category-projet-rh","tag-femmeingenieure"],"acf":[],"_links":{"self":[{"href":"https:\/\/www.altersis.com\/fr\/wp-json\/wp\/v2\/posts\/1837","targetHints":{"allow":["GET"]}}],"collection":[{"href":"https:\/\/www.altersis.com\/fr\/wp-json\/wp\/v2\/posts"}],"about":[{"href":"https:\/\/www.altersis.com\/fr\/wp-json\/wp\/v2\/types\/post"}],"author":[{"embeddable":true,"href":"https:\/\/www.altersis.com\/fr\/wp-json\/wp\/v2\/users\/38"}],"replies":[{"embeddable":true,"href":"https:\/\/www.altersis.com\/fr\/wp-json\/wp\/v2\/comments?post=1837"}],"version-history":[{"count":2,"href":"https:\/\/www.altersis.com\/fr\/wp-json\/wp\/v2\/posts\/1837\/revisions"}],"predecessor-version":[{"id":1841,"href":"https:\/\/www.altersis.com\/fr\/wp-json\/wp\/v2\/posts\/1837\/revisions\/1841"}],"wp:featuredmedia":[{"embeddable":true,"href":"https:\/\/www.altersis.com\/fr\/wp-json\/wp\/v2\/media\/1838"}],"wp:attachment":[{"href":"https:\/\/www.altersis.com\/fr\/wp-json\/wp\/v2\/media?parent=1837"}],"wp:term":[{"taxonomy":"category","embeddable":true,"href":"https:\/\/www.altersis.com\/fr\/wp-json\/wp\/v2\/categories?post=1837"},{"taxonomy":"post_tag","embeddable":true,"href":"https:\/\/www.altersis.com\/fr\/wp-json\/wp\/v2\/tags?post=1837"}],"curies":[{"name":"wp","href":"https:\/\/api.w.org\/{rel}","templated":true}]}}