{"id":1866,"date":"2017-11-21T17:54:12","date_gmt":"2017-11-21T16:54:12","guid":{"rendered":"https:\/\/www.altersis.com\/?p=1866"},"modified":"2017-12-11T16:23:30","modified_gmt":"2017-12-11T15:23:30","slug":"conference-intelligence-artificielle","status":"publish","type":"post","link":"https:\/\/www.altersis.com\/fr\/conference-intelligence-artificielle\/","title":{"rendered":"Conf\u00e9rence Intelligence Artificielle"},"content":{"rendered":"<p>Au sein du Groupe ALTERSIS, nous pensons qu\u2019il est important de rester inform\u00e9 des nouvelles \u00e9volutions en mati\u00e8re d\u2019innovation pour recruter les postes de demain et accompagner nos collaborateurs dans leurs projets.<\/p>\n<p>Camille, charg\u00e9e de recrutement, a donc particip\u00e9 le mois dernier \u00e0 une conf\u00e9rence organis\u00e9e par LICA &#8211; Laboratoire d\u2019intelligence collective et artificielle &#8211; sur le th\u00e8me de l\u2019intelligence artificielle.<\/p>\n<p>Nous vous proposons un aper\u00e7u de cette conf\u00e9rence au travers de cet article.<\/p>\n<p>Bonne lecture \ud83d\ude42<\/p>\n<p>&nbsp;<\/p>\n<blockquote><p><span style=\"color: #b30000; font-size: 24pt;\">Conf\u00e9rence du LICA \u2013 11 Octobre 2017<\/span><\/p>\n<p>&nbsp;<\/p><\/blockquote>\n<p><strong>O\u00f9\u00a0<\/strong>: \u00e0 Marseille au sein de l\u2019Ecole de Management et de Commerce EMD<\/p>\n<p><strong>Intervenants\u00a0:<\/strong><\/p>\n<ul>\n<li>Benoit Favre\u00a0: ma\u00eetre de conf\u00e9rences en informatique fondamentale \u00e0 l\u2019Universit\u00e9 Aix Marseille.<\/li>\n<li>Laurence Allard\u00a0: sociologue<\/li>\n<li>A\u00efda Raoult\u00a0: doctorante en philosophie<\/li>\n<li>Rubin Sfadj\u00a0: avocat<\/li>\n<\/ul>\n<p><strong>Le LICA\u00a0:<\/strong><\/p>\n<p>Un laboratoire de recherche\/action qui a \u00e9t\u00e9 fond\u00e9 par 6 entrepreneurs. Le LICA se donne pour but de repenser les modes de fonctionnement dans un monde en crise \u00e0 travers l\u2019intelligence artificielle (IA) et l\u2019intelligence collective.<\/p>\n<p>L\u2019objectif du LICA est de rassembler un grand nombre de citoyens autour d\u2019espaces de rencontre comme la conf\u00e9rence Ethic et Tech et des Meetup. Le LICA d\u00e9veloppe en parall\u00e8le une plateforme pour des personnes qui souhaitent travailler sur le m\u00eame projet.<\/p>\n<p><strong>La conf\u00e9rence\u00a0:<\/strong><\/p>\n<p>Comme pr\u00e9sent\u00e9s pr\u00e9c\u00e9demment, des professionnels sont intervenus sur les probl\u00e9matiques li\u00e9es \u00e0 l\u2019\u00e9thique en r\u00e9alisant un parall\u00e8le entre leur domaine de recherche et l\u2019intelligence artificielle.<\/p>\n<p>Aida Raoult, doctorante en philosophie nous apprend qu\u2019il est important d\u2019observer les changements qu\u2019am\u00e8nent l\u2019intelligence artificielle \u00e0 travers deux prismes\u00a0:<\/p>\n<ul>\n<li>Les changements directs\u00a0: le r\u00f4le et la place de l\u2019intelligence artificielle dans notre soci\u00e9t\u00e9\u00a0: exemples\u00a0: les v\u00e9hicules autonomes sur la route, les robots\u2026<\/li>\n<li>Les changements indirects\u00a0: exemple\u00a0: les in\u00e9galit\u00e9s qui vont augmenter entre les citoyens.<\/li>\n<\/ul>\n<p>Benoit Favre, Maitre de conf\u00e9rences, nous apprend comment l\u2019IA fonctionne. Elle est cr\u00e9\u00e9e en donnant \u00e0 l\u2019ordinateur un ensemble d\u2019exemples avec des solutions associ\u00e9es. L\u2019ordinateur apprend le cheminement qui doit \u00eatre fait entre la question et la solution. On appelle cela le Deep Learning.<\/p>\n<p>Benoit nous apprend \u00e9galement que dans certains cas l\u2019IA est inefficace. En effet, elle mettra longtemps \u00e0 apprendre. Par exemple, un enfant qui met la main dans le feu apprendra la premi\u00e8re fois que le feu brule, l\u2019IA l\u2019apprendra au bout de milliers de tests.<\/p>\n<p>Robin Sfadj, nous apprend les diff\u00e9rentes applications de l\u2019IA et pourquoi il est primordial d\u2019avoir une r\u00e9flexion \u00e9thique sur celle-ci. \u00a0C\u2019est ainsi qu\u2019aux Etats-Unis, une IA est utilis\u00e9e pour \u00e9valuer les risques de r\u00e9cidive des prisonniers. Un rapport \u00e9tait ensuite donn\u00e9 aux juges avant le verdict, \u00e0 titre indicatif car ils n\u2019\u00e9taient pas oblig\u00e9s de le suivre. Au bout de quelques mois d\u2019utilisation, les personnes se sont aper\u00e7ues que l\u2019IA \u00e9tait raciste.<\/p>\n<p>Il nous apprend \u00e9galement que Facebook et Twitter sont actuellement en train de travailler sur une IA qui d\u00e9tecterait et bloquerait les \u00ab\u00a0Fake News\u00a0\u00bb.<\/p>\n<p>Cette r\u00e9flexion sur l\u2019\u00e9thique s\u2019applique aujourd\u2019hui aux personnes qui utilisent et con\u00e7oivent l\u2019IA, tout simplement parce que le droit ne peut s\u2019appliquer \u00e0 la machine. Une \u00e9thique \u00ab\u00a0by design\u00a0\u00bb doit \u00eatre mis en place, d\u00e8s la cr\u00e9ation de l\u2019IA, les professionnels devront se poser la question\u00a0: \u00ab\u00a0qu\u2019est-ce qu\u2019on est en train de faire\u00a0?\u00a0\u00bb et cr\u00e9er une chartre \u00e9thique.<\/p>\n<p>Il est primordial de garder un contr\u00f4le sur l\u2019IA\u00a0! Pour expliquer cela, prenons un cas concret\u00a0: il y a quelques ann\u00e9es des chercheurs am\u00e9ricains ont mis deux ordinateurs en connexion pour qu\u2019ils communiquent, au bout d\u2019un certain temps les deux IA avaient cr\u00e9\u00e9 leur propre langage crypt\u00e9 qui \u00e9tait indescriptible pour l\u2019humain. Les chercheurs ont donc fait le choix de les d\u00e9brancher.<\/p>\n<p>Enfin, Laurence Allard, sociologue, a exprim\u00e9 son point de vue. Pour elle l\u2019IA est un moyen de rapprocher les humains et de les rendre plus cr\u00e9atifs. Elle nous parle notamment de l\u2019hybridation engendr\u00e9e par l\u2019IA\u00a0: la cr\u00e9ativit\u00e9 nait de l\u2019IA pour cr\u00e9er, l\u2019IA ne se substitue pas \u00e0 l\u2019artiste mais ils travaillent ensemble.<\/p>\n<p>Conclusion\u00a0: cette conf\u00e9rence ouvre donc de nouvelles perspectives en termes d\u2019intelligence artificielle et d\u00e9montre qu\u2019une \u00e9thique et des lois doivent \u00eatre mises en place pour \u00e9viter de futures d\u00e9rives&#8230;<\/p>\n<p>&nbsp;<\/p>\n<p>&nbsp;<\/p>\n","protected":false},"excerpt":{"rendered":"<p>Au sein du Groupe ALTERSIS, nous pensons qu\u2019il est important de rester inform\u00e9 des nouvelles \u00e9volutions en mati\u00e8re d\u2019innovation pour recruter les postes de demain et accompagner nos collaborateurs dans leurs projets. Camille, charg\u00e9e de recrutement, a donc particip\u00e9 le mois dernier \u00e0 une conf\u00e9rence organis\u00e9e par LICA &#8211; Laboratoire d\u2019intelligence collective et artificielle &#8211; [&hellip;]<\/p>\n","protected":false},"author":38,"featured_media":1872,"comment_status":"open","ping_status":"closed","sticky":false,"template":"","format":"standard","meta":{"_acf_changed":false,"footnotes":""},"categories":[4],"tags":[],"class_list":["post-1866","post","type-post","status-publish","format-standard","has-post-thumbnail","hentry","category-actualite"],"acf":[],"_links":{"self":[{"href":"https:\/\/www.altersis.com\/fr\/wp-json\/wp\/v2\/posts\/1866","targetHints":{"allow":["GET"]}}],"collection":[{"href":"https:\/\/www.altersis.com\/fr\/wp-json\/wp\/v2\/posts"}],"about":[{"href":"https:\/\/www.altersis.com\/fr\/wp-json\/wp\/v2\/types\/post"}],"author":[{"embeddable":true,"href":"https:\/\/www.altersis.com\/fr\/wp-json\/wp\/v2\/users\/38"}],"replies":[{"embeddable":true,"href":"https:\/\/www.altersis.com\/fr\/wp-json\/wp\/v2\/comments?post=1866"}],"version-history":[{"count":2,"href":"https:\/\/www.altersis.com\/fr\/wp-json\/wp\/v2\/posts\/1866\/revisions"}],"predecessor-version":[{"id":1895,"href":"https:\/\/www.altersis.com\/fr\/wp-json\/wp\/v2\/posts\/1866\/revisions\/1895"}],"wp:featuredmedia":[{"embeddable":true,"href":"https:\/\/www.altersis.com\/fr\/wp-json\/wp\/v2\/media\/1872"}],"wp:attachment":[{"href":"https:\/\/www.altersis.com\/fr\/wp-json\/wp\/v2\/media?parent=1866"}],"wp:term":[{"taxonomy":"category","embeddable":true,"href":"https:\/\/www.altersis.com\/fr\/wp-json\/wp\/v2\/categories?post=1866"},{"taxonomy":"post_tag","embeddable":true,"href":"https:\/\/www.altersis.com\/fr\/wp-json\/wp\/v2\/tags?post=1866"}],"curies":[{"name":"wp","href":"https:\/\/api.w.org\/{rel}","templated":true}]}}