{"id":2001,"date":"2018-03-08T10:30:49","date_gmt":"2018-03-08T09:30:49","guid":{"rendered":"https:\/\/www.altersis.com\/?p=2001"},"modified":"2018-03-06T18:50:57","modified_gmt":"2018-03-06T17:50:57","slug":"bonne-journee-internationale-des-femmes","status":"publish","type":"post","link":"https:\/\/www.altersis.com\/fr\/bonne-journee-internationale-des-femmes\/","title":{"rendered":"Bonne journ\u00e9e internationale des femmes !"},"content":{"rendered":"<p>Le Groupe ALTERSIS renouvelle son engagement sur l&rsquo;ann\u00e9e 2018 en faveur de l&rsquo;\u00e9galit\u00e9 femme\/homme \u00e0 l&rsquo;occasion de\u00a0<span style=\"color: #b30000;\"><span style=\"color: #323232;\">la<\/span> \u00ab\u00a0journ\u00e9e internationale des femmes \u00bb !<\/span><\/p>\n<p>&nbsp;<\/p>\n<p>Ainsi, au travers de cette animation, et en l&rsquo;honneur de nos collaboratrices, nous revenons sur notre projet phare de 2017 : \u00ab\u00a0<strong><span style=\"color: #1695c0;\">Promotion de la femme dans les m\u00e9tiers techniques\u00a0\u00bb\u00a0<\/span><\/strong><\/p>\n<p>&nbsp;<\/p>\n<p>D\u00e9couvrez ou red\u00e9couvrez les interviews <em>(disponibles sur notre blog)<\/em> de<strong>\u00a0Francine <\/strong>(consultante en test de performance)<strong>, Adeline <\/strong>(infographiste)<strong>, Sylvie <\/strong>(consultante en test fonctionnel)<strong> et d&rsquo;H\u00e9l\u00e8ne <\/strong>(D\u00e9veloppeuse logiciel en VIE \u00e0 Prague).<\/p>\n<p>&nbsp;<\/p>\n<p>Bonne journ\u00e9e internationale des femmes \u00e0 nos collaboratrices et \u00e0 vous toutes !<\/p>\n<p>&nbsp;<\/p>\n<div style=\"width: 640px;\" class=\"wp-video\"><video class=\"wp-video-shortcode\" id=\"video-2001-1\" width=\"640\" height=\"360\" preload=\"metadata\" controls=\"controls\"><source type=\"video\/mp4\" src=\"https:\/\/www.altersis.com\/wp-content\/uploads\/2018\/03\/Journ\u00e9e-de-la-femme.mp4?_=1\" \/><a href=\"https:\/\/www.altersis.com\/wp-content\/uploads\/2018\/03\/Journ\u00e9e-de-la-femme.mp4\">https:\/\/www.altersis.com\/wp-content\/uploads\/2018\/03\/Journ\u00e9e-de-la-femme.mp4<\/a><\/video><\/div>\n","protected":false},"excerpt":{"rendered":"<p>Le Groupe ALTERSIS renouvelle son engagement sur l&rsquo;ann\u00e9e 2018 en faveur de l&rsquo;\u00e9galit\u00e9 femme\/homme \u00e0 l&rsquo;occasion de\u00a0la \u00ab\u00a0journ\u00e9e internationale des femmes \u00bb ! &nbsp; Ainsi, au travers de cette animation, et en l&rsquo;honneur de nos collaboratrices, nous revenons sur notre projet phare de 2017 : \u00ab\u00a0Promotion de la femme dans les m\u00e9tiers techniques\u00a0\u00bb\u00a0 &nbsp; D\u00e9couvrez [&hellip;]<\/p>\n","protected":false},"author":38,"featured_media":814,"comment_status":"open","ping_status":"closed","sticky":false,"template":"","format":"standard","meta":{"_acf_changed":false,"footnotes":""},"categories":[4],"tags":[],"class_list":["post-2001","post","type-post","status-publish","format-standard","has-post-thumbnail","hentry","category-actualite"],"acf":[],"_links":{"self":[{"href":"https:\/\/www.altersis.com\/fr\/wp-json\/wp\/v2\/posts\/2001","targetHints":{"allow":["GET"]}}],"collection":[{"href":"https:\/\/www.altersis.com\/fr\/wp-json\/wp\/v2\/posts"}],"about":[{"href":"https:\/\/www.altersis.com\/fr\/wp-json\/wp\/v2\/types\/post"}],"author":[{"embeddable":true,"href":"https:\/\/www.altersis.com\/fr\/wp-json\/wp\/v2\/users\/38"}],"replies":[{"embeddable":true,"href":"https:\/\/www.altersis.com\/fr\/wp-json\/wp\/v2\/comments?post=2001"}],"version-history":[{"count":3,"href":"https:\/\/www.altersis.com\/fr\/wp-json\/wp\/v2\/posts\/2001\/revisions"}],"predecessor-version":[{"id":2006,"href":"https:\/\/www.altersis.com\/fr\/wp-json\/wp\/v2\/posts\/2001\/revisions\/2006"}],"wp:featuredmedia":[{"embeddable":true,"href":"https:\/\/www.altersis.com\/fr\/wp-json\/wp\/v2\/media\/814"}],"wp:attachment":[{"href":"https:\/\/www.altersis.com\/fr\/wp-json\/wp\/v2\/media?parent=2001"}],"wp:term":[{"taxonomy":"category","embeddable":true,"href":"https:\/\/www.altersis.com\/fr\/wp-json\/wp\/v2\/categories?post=2001"},{"taxonomy":"post_tag","embeddable":true,"href":"https:\/\/www.altersis.com\/fr\/wp-json\/wp\/v2\/tags?post=2001"}],"curies":[{"name":"wp","href":"https:\/\/api.w.org\/{rel}","templated":true}]}}