{"id":2119,"date":"2018-05-22T17:48:19","date_gmt":"2018-05-22T15:48:19","guid":{"rendered":"https:\/\/www.altersis.com\/?p=2119"},"modified":"2018-05-22T17:48:19","modified_gmt":"2018-05-22T15:48:19","slug":"denis-gargaud-champion-de-france-de-canoe-2018","status":"publish","type":"post","link":"https:\/\/www.altersis.com\/fr\/denis-gargaud-champion-de-france-de-canoe-2018\/","title":{"rendered":"Denis Gargaud, champion de France de Cano\u00eb 2018"},"content":{"rendered":"<p><img decoding=\"async\" class=\"alignnone size-full wp-image-2120\" src=\"https:\/\/www.altersis.com\/wp-content\/uploads\/2018\/05\/IMG_6867.jpg\" alt=\"\" width=\"1242\" height=\"1129\" srcset=\"https:\/\/www.altersis.com\/wp-content\/uploads\/2018\/05\/IMG_6867.jpg 1242w, https:\/\/www.altersis.com\/wp-content\/uploads\/2018\/05\/IMG_6867-300x273.jpg 300w, https:\/\/www.altersis.com\/wp-content\/uploads\/2018\/05\/IMG_6867-768x698.jpg 768w, https:\/\/www.altersis.com\/wp-content\/uploads\/2018\/05\/IMG_6867-1024x931.jpg 1024w\" sizes=\"(max-width: 1242px) 100vw, 1242px\" \/><\/p>\n<p><em>Photo : Franck Faug\u00e8re<\/em><\/p>\n<p>Apr\u00e8s deux courses \u00e0 la Seu d&rsquo;Urgell (Catalogne) et deux courses \u00e0 Pau, on connait d\u00e9sormais les podiums des championnats de France Elite ainsi que les noms des athl\u00e8tes qui seront propos\u00e9s \u00e0 la s\u00e9lection en \u00e9quipe de France senior pour participer aux Mondiaux de Rio, en septembre prochain, le point d&rsquo;orgue de la saison.<\/p>\n<p><em>Source : Le r\u00e9p des pyr\u00e9n\u00e9es<\/em><\/p>\n<p>A l&rsquo;issue de ces 4 courses, Denis Gargaud est devenu le champion de France 2018 en devan\u00e7ant Pierre-Antoine Tillard et C\u00e9dric Joly.<\/p>\n<p>Toute la famille Altersis te f\u00e9licite pour ce super r\u00e9sultat.<\/p>\n<p>On te retrouve \u00e0 Rio en septembre pour aller d\u00e9crocher un titre de plus. On est \u00e0 tes c\u00f4t\u00e9s.<\/p>\n","protected":false},"excerpt":{"rendered":"<p>Photo : Franck Faug\u00e8re Apr\u00e8s deux courses \u00e0 la Seu d&rsquo;Urgell (Catalogne) et deux courses \u00e0 Pau, on connait d\u00e9sormais les podiums des championnats de France Elite ainsi que les noms des athl\u00e8tes qui seront propos\u00e9s \u00e0 la s\u00e9lection en \u00e9quipe de France senior pour participer aux Mondiaux de Rio, en septembre prochain, le point [&hellip;]<\/p>\n","protected":false},"author":38,"featured_media":2120,"comment_status":"open","ping_status":"closed","sticky":false,"template":"","format":"standard","meta":{"_acf_changed":false,"footnotes":""},"categories":[4],"tags":[],"class_list":["post-2119","post","type-post","status-publish","format-standard","has-post-thumbnail","hentry","category-actualite"],"acf":[],"_links":{"self":[{"href":"https:\/\/www.altersis.com\/fr\/wp-json\/wp\/v2\/posts\/2119","targetHints":{"allow":["GET"]}}],"collection":[{"href":"https:\/\/www.altersis.com\/fr\/wp-json\/wp\/v2\/posts"}],"about":[{"href":"https:\/\/www.altersis.com\/fr\/wp-json\/wp\/v2\/types\/post"}],"author":[{"embeddable":true,"href":"https:\/\/www.altersis.com\/fr\/wp-json\/wp\/v2\/users\/38"}],"replies":[{"embeddable":true,"href":"https:\/\/www.altersis.com\/fr\/wp-json\/wp\/v2\/comments?post=2119"}],"version-history":[{"count":2,"href":"https:\/\/www.altersis.com\/fr\/wp-json\/wp\/v2\/posts\/2119\/revisions"}],"predecessor-version":[{"id":2122,"href":"https:\/\/www.altersis.com\/fr\/wp-json\/wp\/v2\/posts\/2119\/revisions\/2122"}],"wp:featuredmedia":[{"embeddable":true,"href":"https:\/\/www.altersis.com\/fr\/wp-json\/wp\/v2\/media\/2120"}],"wp:attachment":[{"href":"https:\/\/www.altersis.com\/fr\/wp-json\/wp\/v2\/media?parent=2119"}],"wp:term":[{"taxonomy":"category","embeddable":true,"href":"https:\/\/www.altersis.com\/fr\/wp-json\/wp\/v2\/categories?post=2119"},{"taxonomy":"post_tag","embeddable":true,"href":"https:\/\/www.altersis.com\/fr\/wp-json\/wp\/v2\/tags?post=2119"}],"curies":[{"name":"wp","href":"https:\/\/api.w.org\/{rel}","templated":true}]}}