{"id":2893,"date":"2019-11-19T16:36:06","date_gmt":"2019-11-19T15:36:06","guid":{"rendered":"https:\/\/www.altersis.com\/?p=2893"},"modified":"2019-11-19T16:58:04","modified_gmt":"2019-11-19T15:58:04","slug":"bpi-france-programme-accelerateur-programme-excellence","status":"publish","type":"post","link":"https:\/\/www.altersis.com\/fr\/bpi-france-programme-accelerateur-programme-excellence\/","title":{"rendered":"BPI France : Programme acc\u00e9l\u00e9rateur &#038; Programme excellence"},"content":{"rendered":"<p>Depuis quelques mois, nous avons int\u00e9gr\u00e9 deux programmes de la <strong>BPI France<\/strong> :<\/p>\n<ul>\n<li><strong>Le programme excellence :<\/strong> ce programme a pour but de mettre en relation des entrepreneurs, leurs faire partager de bonnes pratiques, trouver de nouvelles opportunit\u00e9s business&#8230;<\/li>\n<li><strong>Le programme acc\u00e9l\u00e9rateur :<\/strong> L&rsquo;acc\u00e9l\u00e9rateur PME est une offre sur-mesure au service des PME ambitieuses pour leur permettre de devenir les ETI de demain.<\/li>\n<\/ul>\n<blockquote><p>La participation \u00e0 ces programmes va nous permettre de booster notre business, pour plusieurs raisons : le partage d&rsquo;exp\u00e9rience et de bonnes pratiques, la mise en relation, ainsi que l&rsquo;acc\u00e8s \u00e0 un r\u00e9seau social digital&#8230; &#8211; Guy PUECH &#8211; Pr\u00e9sident d&rsquo;Altersis<\/p><\/blockquote>\n<p>D\u00e9couvrez l&rsquo;interview de notre pr\u00e9sident Guy PUECH\u00a0?<\/p>\n<p>&nbsp;<\/p>\n<div style=\"width: 640px;\" class=\"wp-video\"><video class=\"wp-video-shortcode\" id=\"video-2893-1\" width=\"640\" height=\"360\" preload=\"metadata\" controls=\"controls\"><source type=\"video\/mp4\" src=\"https:\/\/www.altersis.com\/wp-content\/uploads\/2019\/11\/Vid\u00e9o-article-1.mp4?_=1\" \/><a href=\"https:\/\/www.altersis.com\/wp-content\/uploads\/2019\/11\/Vid\u00e9o-article-1.mp4\">https:\/\/www.altersis.com\/wp-content\/uploads\/2019\/11\/Vid\u00e9o-article-1.mp4<\/a><\/video><\/div>\n","protected":false},"excerpt":{"rendered":"<p>Depuis quelques mois, nous avons int\u00e9gr\u00e9 deux programmes de la BPI France : Le programme excellence : ce programme a pour but de mettre en relation des entrepreneurs, leurs faire partager de bonnes pratiques, trouver de nouvelles opportunit\u00e9s business&#8230; Le programme acc\u00e9l\u00e9rateur : L&rsquo;acc\u00e9l\u00e9rateur PME est une offre sur-mesure au service des PME ambitieuses pour [&hellip;]<\/p>\n","protected":false},"author":38,"featured_media":2914,"comment_status":"open","ping_status":"closed","sticky":false,"template":"","format":"standard","meta":{"_acf_changed":false,"footnotes":""},"categories":[4],"tags":[],"class_list":["post-2893","post","type-post","status-publish","format-standard","has-post-thumbnail","hentry","category-actualite"],"acf":[],"_links":{"self":[{"href":"https:\/\/www.altersis.com\/fr\/wp-json\/wp\/v2\/posts\/2893","targetHints":{"allow":["GET"]}}],"collection":[{"href":"https:\/\/www.altersis.com\/fr\/wp-json\/wp\/v2\/posts"}],"about":[{"href":"https:\/\/www.altersis.com\/fr\/wp-json\/wp\/v2\/types\/post"}],"author":[{"embeddable":true,"href":"https:\/\/www.altersis.com\/fr\/wp-json\/wp\/v2\/users\/38"}],"replies":[{"embeddable":true,"href":"https:\/\/www.altersis.com\/fr\/wp-json\/wp\/v2\/comments?post=2893"}],"version-history":[{"count":3,"href":"https:\/\/www.altersis.com\/fr\/wp-json\/wp\/v2\/posts\/2893\/revisions"}],"predecessor-version":[{"id":2917,"href":"https:\/\/www.altersis.com\/fr\/wp-json\/wp\/v2\/posts\/2893\/revisions\/2917"}],"wp:featuredmedia":[{"embeddable":true,"href":"https:\/\/www.altersis.com\/fr\/wp-json\/wp\/v2\/media\/2914"}],"wp:attachment":[{"href":"https:\/\/www.altersis.com\/fr\/wp-json\/wp\/v2\/media?parent=2893"}],"wp:term":[{"taxonomy":"category","embeddable":true,"href":"https:\/\/www.altersis.com\/fr\/wp-json\/wp\/v2\/categories?post=2893"},{"taxonomy":"post_tag","embeddable":true,"href":"https:\/\/www.altersis.com\/fr\/wp-json\/wp\/v2\/tags?post=2893"}],"curies":[{"name":"wp","href":"https:\/\/api.w.org\/{rel}","templated":true}]}}